{"id":9625,"date":"2024-02-28T11:33:57","date_gmt":"2024-02-28T11:33:57","guid":{"rendered":"https:\/\/www.smartgolftravel.com\/smart-golf-travel-celebra-su-11o-aniversario\/"},"modified":"2026-03-12T14:49:45","modified_gmt":"2026-03-12T14:49:45","slug":"smart-golf-travel-feiert-sein-11-jaehriges-jubilaeum","status":"publish","type":"post","link":"https:\/\/www.smartgolftravel.com\/de\/smart-golf-travel-feiert-sein-11-jaehriges-jubilaeum\/","title":{"rendered":"Smart Golf Travel feiert sein 11-j\u00e4hriges Jubil\u00e4um!"},"content":{"rendered":"\t\t<div data-elementor-type=\"wp-post\" data-elementor-id=\"9625\" class=\"elementor elementor-9625 elementor-9011\" data-elementor-settings=\"{&quot;ha_cmc_init_switcher&quot;:&quot;no&quot;}\" data-elementor-post-type=\"post\">\n\t\t\t\t\t\t<section class=\"elementor-section elementor-top-section elementor-element elementor-element-3477e0ed elementor-section-boxed elementor-section-height-default elementor-section-height-default\" data-id=\"3477e0ed\" data-element_type=\"section\" data-e-type=\"section\" data-settings=\"{&quot;jet_parallax_layout_list&quot;:[],&quot;_ha_eqh_enable&quot;:false}\">\n\t\t\t\t\t\t<div class=\"elementor-container elementor-column-gap-default\">\n\t\t\t\t\t<div class=\"elementor-column elementor-col-100 elementor-top-column elementor-element elementor-element-38b7139d\" data-id=\"38b7139d\" data-element_type=\"column\" data-e-type=\"column\">\n\t\t\t<div class=\"elementor-widget-wrap elementor-element-populated\">\n\t\t\t\t\t\t<div class=\"elementor-element elementor-element-3d96cfbb elementor-widget elementor-widget-text-editor\" data-id=\"3d96cfbb\" data-element_type=\"widget\" data-e-type=\"widget\" data-widget_type=\"text-editor.default\">\n\t\t\t\t<div class=\"elementor-widget-container\">\n\t\t\t\t\t\t\t\t\t<div class=\"Y3BBE\" data-sfc-cp=\"\" data-hveid=\"CAEIBBAA\" data-complete=\"true\" data-processed=\"true\"><strong>Sandra Estarellas,<\/strong> Gr\u00fcnderin und Gesch\u00e4ftsf\u00fchrerin von <strong>Mallorca Tee Time<\/strong>, startete dieses Projekt vor 11 Jahren, im Februar 2013. Nachdem sie ihre Position als kaufm\u00e4nnische Leiterin in einem Hotel aufgegeben hatte, wagte sie den Schritt in das Abenteuer Golfsport. Von zu Hause aus und w\u00e4hrend sie ihre beiden Kinder gro\u00dfzog, gr\u00fcndete sie Mallorca Tee Time.<\/div><div data-sfc-cp=\"\" data-hveid=\"CAEIBBAA\" data-complete=\"true\" data-processed=\"true\">\u00a0<\/div><div class=\"Y3BBE\" data-sfc-cp=\"\" data-hveid=\"CAEIBRAA\" data-complete=\"true\" data-processed=\"true\">Sandras Leidenschaft f\u00fcr Mallorca, die Hotellerie und den Golfsport lie\u00df ihr Unternehmen stetig wachsen (in ihren eigenen Worten: \u201efast ohne es zu merken\u201c). So vermarktete sie <strong>Mallorca als Golfdestination<\/strong>, besuchte Fachmessen und festigte ihre Beziehungen zu den Golfpl\u00e4tzen und Hotels der Insel. Aus diesem Engagement entstanden ihre beiden weiteren Projekte: <strong>Golf Pass Mallorca und Smart Golf Travel.<span class=\"uJ19be notranslate\" data-wiz-uids=\"PXfIEb_v,PXfIEb_w\" data-complete=\"true\"><span class=\"vKEkVd\" data-animation-atomic=\"\" data-wiz-attrbind=\"class=PXfIEb_u\/TKHnVd\" data-sae=\"\"><span aria-hidden=\"true\">\u00a0<\/span><\/span><\/span><\/strong><\/div><div class=\"Y3BBE\" data-sfc-cp=\"\" data-hveid=\"CAEIBhAA\" data-complete=\"true\" data-processed=\"true\">Ihre langj\u00e4hrige Erfahrung in der Tourismus- und Golfbranche hat die Hotelrepr\u00e4sentanz auf Mallorca erfolgreich vorangetrieben und ihre Partnerhotels zum bevorzugten Ziel f\u00fcr internationale Golfer gemacht.<\/div><div data-sfc-cp=\"\" data-hveid=\"CAEIBhAA\" data-complete=\"true\" data-processed=\"true\">\u00a0<\/div><div class=\"Y3BBE\" data-sfc-cp=\"\" data-hveid=\"CAEIBxAA\" data-complete=\"true\" data-processed=\"true\"><strong>Im November 2023 wurde das 10-j\u00e4hrige Bestehen von Mallorca Tee Time mit einer Feier gew\u00fcrdigt.<\/strong> In diesem Jahrzehnt haben Sandra und ihr Team das Ziel, Reiseveranstaltern und spezialisierten Golfagenturen Pauschalreisen auf Mallorca zu empfehlen und zu verkaufen, mehr als erf\u00fcllt.<\/div><div data-sfc-cp=\"\" data-hveid=\"CAEIBxAA\" data-complete=\"true\" data-processed=\"true\">\u00a0<\/div><div class=\"Y3BBE\" data-sfc-cp=\"\" data-hveid=\"CAEICBAA\" data-complete=\"true\" data-processed=\"true\" aria-owns=\"action-menu-parent-container\">Dank ihres Know-hows konnten Hotelpartner so beraten werden, dass ihre Ums\u00e4tze im Bereich Golftourismus deutlich gestiegen sind. Zudem konnten diese Zeit- und Personalkosten einsparen, da sie auf das umfangreiche und zuverl\u00e4ssige internationale <strong>Kontaktnetzwerk (B2B und B2C)<\/strong> von Mallorca Tee Time zur\u00fcckgreifen k\u00f6nnen.<\/div><div data-sfc-cp=\"\" data-hveid=\"CAEICBAA\" data-complete=\"true\" data-processed=\"true\" aria-owns=\"action-menu-parent-container\">\u00a0<\/div><div data-sfc-cp=\"\" data-hveid=\"CAEICBAA\" data-complete=\"true\" data-processed=\"true\" aria-owns=\"action-menu-parent-container\">\u00a0<\/div><div id='gallery-1' class='gallery galleryid-9625 gallery-columns-3 gallery-size-medium'><figure class='gallery-item'>\n\t\t\t<div class='gallery-icon landscape'>\n\t\t\t\t<a href='https:\/\/www.smartgolftravel.com\/de\/smart-golf-travel-feiert-sein-11-jaehriges-jubilaeum\/smartgolftravel_hipotels-2\/'><img fetchpriority=\"high\" decoding=\"async\" width=\"300\" height=\"225\" src=\"https:\/\/www.smartgolftravel.com\/wp-content\/uploads\/2026\/02\/smartgolftravel_hipotels-300x225.webp\" class=\"attachment-medium size-medium\" alt=\"\" srcset=\"https:\/\/www.smartgolftravel.com\/wp-content\/uploads\/2026\/02\/smartgolftravel_hipotels-300x225.webp 300w, https:\/\/www.smartgolftravel.com\/wp-content\/uploads\/2026\/02\/smartgolftravel_hipotels-768x576.webp 768w, https:\/\/www.smartgolftravel.com\/wp-content\/uploads\/2026\/02\/smartgolftravel_hipotels.webp 1024w\" sizes=\"(max-width: 300px) 100vw, 300px\" \/><\/a>\n\t\t\t<\/div><\/figure><figure class='gallery-item'>\n\t\t\t<div class='gallery-icon landscape'>\n\t\t\t\t<a href='https:\/\/www.smartgolftravel.com\/de\/smart-golf-travel-feiert-sein-11-jaehriges-jubilaeum\/smartgolftravel_essentially-mallorca-2\/'><img decoding=\"async\" width=\"300\" height=\"225\" src=\"https:\/\/www.smartgolftravel.com\/wp-content\/uploads\/2026\/02\/smartgolftravel_Essentially-Mallorca-300x225.webp\" class=\"attachment-medium size-medium\" alt=\"Smartgolftravel_10aniversari\" srcset=\"https:\/\/www.smartgolftravel.com\/wp-content\/uploads\/2026\/02\/smartgolftravel_Essentially-Mallorca-300x225.webp 300w, https:\/\/www.smartgolftravel.com\/wp-content\/uploads\/2026\/02\/smartgolftravel_Essentially-Mallorca-768x576.webp 768w, https:\/\/www.smartgolftravel.com\/wp-content\/uploads\/2026\/02\/smartgolftravel_Essentially-Mallorca.webp 1024w\" sizes=\"(max-width: 300px) 100vw, 300px\" \/><\/a>\n\t\t\t<\/div><\/figure><figure class='gallery-item'>\n\t\t\t<div class='gallery-icon landscape'>\n\t\t\t\t<a href='https:\/\/www.smartgolftravel.com\/de\/smart-golf-travel-feiert-sein-11-jaehriges-jubilaeum\/smartgolftravel_arabella-golf-mallorca-2\/'><img decoding=\"async\" width=\"300\" height=\"225\" src=\"https:\/\/www.smartgolftravel.com\/wp-content\/uploads\/2026\/02\/smartgolftravel_Arabella-Golf-Mallorca-300x225.webp\" class=\"attachment-medium size-medium\" alt=\"\" srcset=\"https:\/\/www.smartgolftravel.com\/wp-content\/uploads\/2026\/02\/smartgolftravel_Arabella-Golf-Mallorca-300x225.webp 300w, https:\/\/www.smartgolftravel.com\/wp-content\/uploads\/2026\/02\/smartgolftravel_Arabella-Golf-Mallorca-768x576.webp 768w, https:\/\/www.smartgolftravel.com\/wp-content\/uploads\/2026\/02\/smartgolftravel_Arabella-Golf-Mallorca.webp 1024w\" sizes=\"(max-width: 300px) 100vw, 300px\" \/><\/a>\n\t\t\t<\/div><\/figure>\n\t\t<\/div>\n<h4 data-hveid=\"CAEIBBAA\" data-complete=\"true\" data-processed=\"true\">\u00a0<\/h4><h4 class=\"Y3BBE\" data-hveid=\"CAEIBBAA\" data-complete=\"true\" data-processed=\"true\"><strong class=\"Yjhzub\" data-complete=\"true\">Ein Treffen der Elite des Golfsports auf Mallorca<\/strong><\/h4><div class=\"Y3BBE\" data-sfc-cp=\"\" data-hveid=\"CAEIBRAA\" data-complete=\"true\" data-processed=\"true\">Aus diesem Grund besuchten einflussreiche <strong>Pers\u00f6nlichkeiten der mallorquinischen Golfwelt die Jubil\u00e4umsfeier, darunter:<\/strong><\/div><div data-sfc-cp=\"\" data-hveid=\"CAEIBRAA\" data-complete=\"true\" data-processed=\"true\">\u00a0<\/div><ul class=\"KsbFXc U6u95\" data-complete=\"true\" data-processed=\"true\"><li data-hveid=\"CAEIBhAA\" data-complete=\"true\" data-sae=\"\"><span class=\"T286Pc\" data-sfc-cp=\"\" data-complete=\"true\"><strong class=\"Yjhzub\" data-complete=\"true\">Bernat Llobera<\/strong>, Golfdirektor von <strong>Arabella Golf Mallorca.<\/strong><\/span><\/li><li data-hveid=\"CAEIBhAB\" data-complete=\"true\" data-sae=\"\"><span class=\"T286Pc\" data-sfc-cp=\"\" data-complete=\"true\"><strong class=\"Yjhzub\" data-complete=\"true\">Carmen Zaforteza<\/strong>, Eigent\u00fcmerin von <strong>Son Termes.<\/strong><\/span><\/li><li data-hveid=\"CAEIBhAC\" data-complete=\"true\" data-sae=\"\"><span class=\"T286Pc\" data-sfc-cp=\"\" data-complete=\"true\"><strong class=\"Yjhzub\" data-complete=\"true\">Kristoff Both<\/strong>, Direktor des <strong>Club de Golf de Alcanada.<\/strong><\/span><\/li><li data-hveid=\"CAEIBhAD\" data-complete=\"true\" data-sae=\"\"><span class=\"T286Pc\" data-sfc-cp=\"\" data-complete=\"true\"><strong class=\"Yjhzub\" data-complete=\"true\">Maria Renart<\/strong>, Gesch\u00e4ftsf\u00fchrerin von <strong>Essentially Mallorca.<\/strong><\/span><\/li><li data-hveid=\"CAEIBhAE\" data-complete=\"true\" data-sae=\"\"><span class=\"T286Pc\" data-sfc-cp=\"\" data-complete=\"true\"><strong class=\"Yjhzub\" data-complete=\"true\">Pep Brunet<\/strong>, Verkaufsleiter Golf bei <strong>Hipotels.<\/strong><\/span><\/li><li data-hveid=\"CAEIBhAF\" data-complete=\"true\" data-sae=\"\"><strong><span class=\"T286Pc\" data-sfc-cp=\"\" data-complete=\"true\">Angela Krebs, Mallorca Impulse.<\/span><\/strong><\/li><li data-hveid=\"CAEIBhAG\" data-complete=\"true\" data-sae=\"\"><strong><span class=\"T286Pc\" data-sfc-cp=\"\" data-complete=\"true\">Leoni Wagenmakers, Mallorca Vibes.<\/span><\/strong><\/li><li data-hveid=\"CAEIBhAH\" data-complete=\"true\" data-sae=\"\"><strong><span class=\"T286Pc\" data-sfc-cp=\"\" data-complete=\"true\">Alicia Polo, Lux The Golf Guide Mallorca.<\/span><\/strong><\/li><li data-hveid=\"CAEIBhAI\" data-complete=\"true\" data-sae=\"\"><span class=\"T286Pc\" data-sfc-cp=\"\" data-complete=\"true\"><strong class=\"Yjhzub\" data-complete=\"true\">Magnus Christensson<\/strong>, vom deutschen Reiseveranstalter <strong>SAM Golftime.<\/strong><\/span><strong><span class=\"uJ19be notranslate\" data-wiz-uids=\"x6pHC_1m,x6pHC_1n\" data-complete=\"true\"><span class=\"vKEkVd\" data-animation-atomic=\"\" data-wiz-attrbind=\"class=x6pHC_1l\/TKHnVd\" data-sae=\"\"><span aria-hidden=\"true\">\u00a0<\/span><\/span><\/span><\/strong><\/li><\/ul><div class=\"Fsg96\" data-sfc-cp=\"\" data-complete=\"true\" data-processed=\"true\">\u00a0<\/div><div id='gallery-2' class='gallery galleryid-9625 gallery-columns-3 gallery-size-medium'><figure class='gallery-item'>\n\t\t\t<div class='gallery-icon portrait'>\n\t\t\t\t<a href='https:\/\/www.smartgolftravel.com\/wp-content\/uploads\/2026\/02\/Equipo-SGT.webp'><img loading=\"lazy\" decoding=\"async\" width=\"225\" height=\"300\" src=\"https:\/\/www.smartgolftravel.com\/wp-content\/uploads\/2026\/02\/Equipo-SGT-225x300.webp\" class=\"attachment-medium size-medium\" alt=\"\" srcset=\"https:\/\/www.smartgolftravel.com\/wp-content\/uploads\/2026\/02\/Equipo-SGT-225x300.webp 225w, https:\/\/www.smartgolftravel.com\/wp-content\/uploads\/2026\/02\/Equipo-SGT.webp 768w\" sizes=\"(max-width: 225px) 100vw, 225px\" \/><\/a>\n\t\t\t<\/div><\/figure><figure class='gallery-item'>\n\t\t\t<div class='gallery-icon portrait'>\n\t\t\t\t<a href='https:\/\/www.smartgolftravel.com\/wp-content\/uploads\/2026\/02\/smartgolftravel110aniversari.webp'><img loading=\"lazy\" decoding=\"async\" width=\"225\" height=\"300\" src=\"https:\/\/www.smartgolftravel.com\/wp-content\/uploads\/2026\/02\/smartgolftravel110aniversari-225x300.webp\" class=\"attachment-medium size-medium\" alt=\"\" srcset=\"https:\/\/www.smartgolftravel.com\/wp-content\/uploads\/2026\/02\/smartgolftravel110aniversari-225x300.webp 225w, https:\/\/www.smartgolftravel.com\/wp-content\/uploads\/2026\/02\/smartgolftravel110aniversari-768x1024.webp 768w, https:\/\/www.smartgolftravel.com\/wp-content\/uploads\/2026\/02\/smartgolftravel110aniversari-1152x1536.webp 1152w, https:\/\/www.smartgolftravel.com\/wp-content\/uploads\/2026\/02\/smartgolftravel110aniversari.webp 1200w\" sizes=\"(max-width: 225px) 100vw, 225px\" \/><\/a>\n\t\t\t<\/div><\/figure><figure class='gallery-item'>\n\t\t\t<div class='gallery-icon portrait'>\n\t\t\t\t<a href='https:\/\/www.smartgolftravel.com\/wp-content\/uploads\/2024\/10\/Sandra-Estarellas-1.jpg'><img loading=\"lazy\" decoding=\"async\" width=\"225\" height=\"300\" src=\"https:\/\/www.smartgolftravel.com\/wp-content\/uploads\/2024\/10\/Sandra-Estarellas-1-225x300.jpg\" class=\"attachment-medium size-medium\" alt=\"SandraEstarellas_SmartGolfTravel\" srcset=\"https:\/\/www.smartgolftravel.com\/wp-content\/uploads\/2024\/10\/Sandra-Estarellas-1-225x300.jpg 225w, https:\/\/www.smartgolftravel.com\/wp-content\/uploads\/2024\/10\/Sandra-Estarellas-1.jpg 768w\" sizes=\"(max-width: 225px) 100vw, 225px\" \/><\/a>\n\t\t\t<\/div><\/figure>\n\t\t<\/div>\n<p>Ebenfalls anwesend waren die meisten ihrer Hotelkunden, die durch die Zusammenarbeit eine deutliche St\u00e4rkung ihrer Marke erfahren haben, sowie Vertriebsleiter anderer Unternehmen, mit denen <strong class=\"Yjhzub\" data-complete=\"true\">Smart Golf Travel<\/strong> eng verbunden ist.<\/p><ul><li><strong>Iberostar Hotels &amp; Resorts <\/strong><\/li><li><strong>H10 Hoteles <\/strong><\/li><li><strong>Inmood Hotels<\/strong><\/li><li><strong>Hotel GPRO Valparaiso Palace &amp; Spa.<\/strong><\/li><li><strong>Steigenberger Hotel &amp; Resort Camp de Mar <\/strong><\/li><li><strong>Golf de Andratx <\/strong><\/li><li><strong>Golf Son Antem <\/strong><\/li><li><strong>Asociaci\u00f3n de Campos de Golf de Mallorca<\/strong><\/li><li><strong>Impresol <\/strong><\/li><li><strong>Wayday Travel<\/strong><\/li><li><strong>Backswing Sportswear\u00a0<\/strong><\/li><\/ul><p>\u00a0<\/p><div class=\"Y3BBE\" data-sfc-cp=\"\" data-hveid=\"CAEIAxAA\" data-complete=\"true\" data-processed=\"true\"><strong class=\"Yjhzub\" data-complete=\"true\">Das Erfolgsgeheimnis von Smart Golf Travel basiert auf 4 S\u00e4ulen:<\/strong><\/div><div data-sfc-cp=\"\" data-hveid=\"CAEIAxAA\" data-complete=\"true\" data-processed=\"true\">\u00a0<\/div><ol class=\"IaGLZe VimKh\" data-complete=\"true\" data-processed=\"true\"><li data-hveid=\"CAEIBBAA\" data-complete=\"true\" data-sae=\"\"><span class=\"T286Pc\" data-sfc-cp=\"\" data-complete=\"true\">Identifizierung des <strong>Potenzials<\/strong> eines Hotels im Golfsegment und dessen Maximierung.<\/span><\/li><li data-hveid=\"CAEIBBAB\" data-complete=\"true\" data-sae=\"\"><span class=\"T286Pc\" data-sfc-cp=\"\" data-complete=\"true\">Repr\u00e4sentanz auf internationalen <strong>B2B- und B2C-Golfmessen.<\/strong><\/span><\/li><li data-hveid=\"CAEIBBAC\" data-complete=\"true\" data-sae=\"\"><span class=\"T286Pc\" data-sfc-cp=\"\" data-complete=\"true\">Verbesserung der <strong>Positionierung und Steigerung<\/strong> der Ums\u00e4tze im wettbewerbsintensiven Golfmarkt.<\/span><\/li><li data-hveid=\"CAEIBBAD\" data-complete=\"true\" data-sae=\"\"><span class=\"T286Pc\" data-sfc-cp=\"\" data-complete=\"true\">Generierung von G<strong>esch\u00e4ftskontakten<\/strong>, um die Vertragsabwicklung mit Top-Reiseveranstaltern zu erleichtern.<\/span><\/li><\/ol><p>\u00a0<\/p><div class=\"Y3BBE\" data-sfc-cp=\"\" data-hveid=\"CAEIBRAA\" data-complete=\"true\" data-processed=\"true\"><strong class=\"Yjhzub\" data-complete=\"true\">Ein weiterer Erfolgsfaktor ist die Anpassungsf\u00e4higkeit an die Bed\u00fcrfnisse unserer Kunden. Daher bieten wir 7 Kooperationsstufen mit Smart Golf Travel an:<\/strong><\/div><div data-sfc-cp=\"\" data-hveid=\"CAEIBRAA\" data-complete=\"true\" data-processed=\"true\">\u00a0<\/div><ul class=\"KsbFXc U6u95\" data-complete=\"true\" data-processed=\"true\"><li data-hveid=\"CAEIBhAA\" data-complete=\"true\" data-sae=\"\"><span class=\"T286Pc\" data-sfc-cp=\"\" data-complete=\"true\">Reservierung von <strong>Golfpaketen f\u00fcr Gruppen und Einzelreisende (Hotel + Golf + Transfers).<\/strong><\/span><\/li><li data-hveid=\"CAEIBhAB\" data-complete=\"true\" data-sae=\"\"><strong><span class=\"T286Pc\" data-sfc-cp=\"\" data-complete=\"true\">Greenfee-Reservierungen.<\/span><\/strong><\/li><li data-hveid=\"CAEIBhAC\" data-complete=\"true\" data-sae=\"\"><span class=\"T286Pc\" data-sfc-cp=\"\" data-complete=\"true\">Outsourcing der<strong> Reservierungsabteilung<\/strong> f\u00fcr Corporate Greenfees.<\/span><\/li><li data-hveid=\"CAEIBhAD\" data-complete=\"true\" data-sae=\"\"><span class=\"T286Pc\" data-sfc-cp=\"\" data-complete=\"true\"><strong>Outsourcing<\/strong> der Vertriebs- und <strong>Reservierungsabteilung f\u00fcr Corporate Golf.<\/strong><\/span><\/li><li data-hveid=\"CAEIBhAE\" data-complete=\"true\" data-sae=\"\"><span class=\"T286Pc\" data-sfc-cp=\"\" data-complete=\"true\">V<strong>ertriebsberatung<\/strong> (Commercial Consulting).<\/span><\/li><li data-hveid=\"CAEIBhAF\" data-complete=\"true\" data-sae=\"\"><strong><span class=\"T286Pc\" data-sfc-cp=\"\" data-complete=\"true\">Golf-Inkubator: Beratung + Handbuch.<\/span><\/strong><\/li><li data-hveid=\"CAEIBhAG\" data-complete=\"true\" data-sae=\"\"><strong><span class=\"T286Pc\" data-sfc-cp=\"\" data-complete=\"true\">Marketingplan.<\/span><\/strong><\/li><\/ul><p>\u00a0<\/p><p><strong class=\"Yjhzub\" data-complete=\"true\" aria-owns=\"action-menu-parent-container\">Z\u00f6gern Sie nicht, Kontakt mit Sandra und ihrem Team von Smart Golf Travel aufzunehmen<\/strong><\/p>\t\t\t\t\t\t\t\t<\/div>\n\t\t\t\t<\/div>\n\t\t\t\t\t<\/div>\n\t\t<\/div>\n\t\t\t\t\t<\/div>\n\t\t<\/section>\n\t\t\t\t<\/div>\n\t\t","protected":false},"excerpt":{"rendered":"<p>Sandra Estarellas, Gr\u00fcnderin und Gesch\u00e4ftsf\u00fchrerin von Mallorca Tee Time, startete dieses Projekt vor 11 Jahren, im Februar 2013. Nachdem sie ihre Position als kaufm\u00e4nnische Leiterin in einem Hotel aufgegeben hatte, wagte sie den Schritt in das Abenteuer Golfsport. Von zu Hause aus und w\u00e4hrend sie ihre beiden Kinder gro\u00dfzog, gr\u00fcndete sie Mallorca Tee Time.\u00a0Sandras Leidenschaft [&hellip;]<\/p>\n","protected":false},"author":4,"featured_media":9662,"comment_status":"closed","ping_status":"closed","sticky":false,"template":"","format":"standard","meta":{"content-type":"","footnotes":""},"categories":[167,166,270,142,271,272,273,274,177,178,124],"tags":[218,219,220,275,278,169,195,279,192,193,280,223,277,276,224],"class_list":["post-9625","post","type-post","status-publish","format-standard","has-post-thumbnail","hentry","category-essentially-mallorca-3","category-golf-und-luxus","category-golfexperiences","category-golfpakete","category-lifestyle-golf","category-luxury-golf-trips","category-smart-golf","category-smart-golf-reisen","category-viajes-de-golf","category-viajes-de-lujo","category-viajes-negocios-de","tag-golfandtravel","tag-golfexperience","tag-golflife","tag-golfpaket","tag-golfreisen","tag-golfundmeer","tag-golfundmehr","tag-golfurlaub","tag-green-fees-mallorca","tag-mallorcagolf","tag-mallorcateetime","tag-smartgolftravel","tag-startzeiten","tag-teetimes","tag-travelspain"],"_links":{"self":[{"href":"https:\/\/www.smartgolftravel.com\/de\/wp-json\/wp\/v2\/posts\/9625","targetHints":{"allow":["GET"]}}],"collection":[{"href":"https:\/\/www.smartgolftravel.com\/de\/wp-json\/wp\/v2\/posts"}],"about":[{"href":"https:\/\/www.smartgolftravel.com\/de\/wp-json\/wp\/v2\/types\/post"}],"author":[{"embeddable":true,"href":"https:\/\/www.smartgolftravel.com\/de\/wp-json\/wp\/v2\/users\/4"}],"replies":[{"embeddable":true,"href":"https:\/\/www.smartgolftravel.com\/de\/wp-json\/wp\/v2\/comments?post=9625"}],"version-history":[{"count":10,"href":"https:\/\/www.smartgolftravel.com\/de\/wp-json\/wp\/v2\/posts\/9625\/revisions"}],"predecessor-version":[{"id":9659,"href":"https:\/\/www.smartgolftravel.com\/de\/wp-json\/wp\/v2\/posts\/9625\/revisions\/9659"}],"wp:featuredmedia":[{"embeddable":true,"href":"https:\/\/www.smartgolftravel.com\/de\/wp-json\/wp\/v2\/media\/9662"}],"wp:attachment":[{"href":"https:\/\/www.smartgolftravel.com\/de\/wp-json\/wp\/v2\/media?parent=9625"}],"wp:term":[{"taxonomy":"category","embeddable":true,"href":"https:\/\/www.smartgolftravel.com\/de\/wp-json\/wp\/v2\/categories?post=9625"},{"taxonomy":"post_tag","embeddable":true,"href":"https:\/\/www.smartgolftravel.com\/de\/wp-json\/wp\/v2\/tags?post=9625"}],"curies":[{"name":"wp","href":"https:\/\/api.w.org\/{rel}","templated":true}]}}